{"id":42932,"date":"2026-09-02T12:33:56","date_gmt":"2026-09-02T10:33:56","guid":{"rendered":"https:\/\/www.ciatoscana.eu\/home\/?p=42932"},"modified":"2026-09-02T12:33:56","modified_gmt":"2026-09-02T10:33:56","slug":"ue-cia-stop-allimport-di-carne-dal-brasile-ora-reciprocita-in-tutti-gli-accordi-commerciali","status":"publish","type":"post","link":"https:\/\/www.ciatoscana.eu\/home\/ue-cia-stop-allimport-di-carne-dal-brasile-ora-reciprocita-in-tutti-gli-accordi-commerciali\/","title":{"rendered":"Ue. Cia: stop all\u2019import di carne dal Brasile. Ora reciprocit\u00e0 in tutti gli accordi commerciali"},"content":{"rendered":"<h3><strong>Il presidente Fini: \u00abDecisione importante che pu\u00f2 fare da apripista. Servono stesse regole per tutti su standard di produzione, sicurezza alimentare e ambientale, lavoro\u00bb<\/strong><\/h3>\n<p>Lo stop dell\u2019Ue, in vigore da domani, alle importazioni di carne e altri prodotti di origine animale dal Brasile deve rappresentare un punto di svolta per la politica commerciale europea. \u00c8 quanto afferma Cia-Agricoltori Italiani, secondo cui il principio di reciprocit\u00e0 non pu\u00f2 pi\u00f9 essere un\u2019eccezione, ma deve diventare la regola in tutti gli accordi di libero scambio.<\/p>\n<p>La Commissione Ue ha deciso di sospendere l\u2019import dal Brasile di bovini, equini, pollame, uova, miele e prodotti dell\u2019acquacoltura, dopo aver riscontrato garanzie insufficienti sul rispetto degli standard comunitari, in particolare per quanto riguarda l\u2019impiego di antimicrobici e ormoni della crescita negli allevamenti, pratiche non consentite agli agricoltori europei.<\/p>\n<p>\u201c\u00c8 una decisione importante che va nella direzione che Cia sostiene da tempo -ha dichiarato il presidente nazionale, Cristiano Fini-. L\u2019Europa deve garantire parit\u00e0 di regole e condizioni per tutti: solo cos\u00ec gli accordi commerciali possono essere strumenti di crescita e non di crisi per le nostre aziende\u201d.<\/p>\n<p>Per Cia, la reciprocit\u00e0 significa pretendere dagli operatori dei Paesi terzi gli stessi standard di produzione, sicurezza alimentare e ambientale, tutela dei lavoratori e benessere animale richiesti alle aziende europee. Non \u00e8 accettabile che agli agricoltori dell\u2019Ue vengano imposti obblighi sempre pi\u00f9 rigorosi, mentre sul mercato comunitario entrano prodotti ottenuti con regole diverse.<\/p>\n<p>\u201cQuanto accaduto con il Brasile pu\u00f2 fare da apripista -ha concluso Fini-. Gli agricoltori europei non chiedono protezionismo, ma parit\u00e0 di condizioni: la reciprocit\u00e0 deve essere il criterio guida in tutti i futuri accordi commerciali. Solo cos\u00ec l\u2019Europa potr\u00e0 affrontare la sfida della competitivit\u00e0 globale senza sacrificare la propria agricoltura, tutelando al tempo stesso consumatori e imprese\u201d.<\/p>\n","protected":false},"excerpt":{"rendered":"<p>Il presidente Fini: \u00abDecisione importante che pu\u00f2 fare da apripista. Servono stesse regole per tutti su standard di produzione, sicurezza alimentare e ambientale, lavoro\u00bb Lo  [&#8230;]<\/p>\n","protected":false},"author":11,"featured_media":22802,"comment_status":"closed","ping_status":"closed","sticky":false,"template":"","format":"standard","meta":{"_acf_changed":false,"footnotes":""},"categories":[10],"tags":[],"class_list":["post-42932","post","type-post","status-publish","format-standard","has-post-thumbnail","hentry","category-cia-nazionale"],"acf":[],"yoast_head":"<!-- This site is optimized with the Yoast SEO plugin v28.4 - https:\/\/yoast.com\/product\/yoast-seo-wordpress\/ -->\n<title>Ue. Cia: stop import di carne dal Brasile. Reciprocit\u00e0 in accordi commerciali<\/title>\n<meta name=\"description\" content=\"Il presidente Fini: \u00abDecisione importante che pu\u00f2 fare da apripista. Servono stesse regole per tutti su standard di produzione, sicurezza alimentare e ambientale, lavoro\u00bb\" \/>\n<meta name=\"robots\" content=\"index, follow, max-snippet:-1, max-image-preview:large, max-video-preview:-1\" \/>\n<link rel=\"canonical\" href=\"https:\/\/www.ciatoscana.eu\/home\/ue-cia-stop-allimport-di-carne-dal-brasile-ora-reciprocita-in-tutti-gli-accordi-commerciali\/\" \/>\n<meta property=\"og:locale\" content=\"it_IT\" \/>\n<meta property=\"og:type\" content=\"article\" \/>\n<meta property=\"og:title\" content=\"Ue. Cia: stop import di carne dal Brasile. Reciprocit\u00e0 in accordi commerciali\" \/>\n<meta property=\"og:description\" content=\"Il presidente Fini: \u00abDecisione importante che pu\u00f2 fare da apripista. Servono stesse regole per tutti su standard di produzione, sicurezza alimentare e ambientale, lavoro\u00bb\" \/>\n<meta property=\"og:url\" content=\"https:\/\/www.ciatoscana.eu\/home\/ue-cia-stop-allimport-di-carne-dal-brasile-ora-reciprocita-in-tutti-gli-accordi-commerciali\/\" \/>\n<meta property=\"og:site_name\" content=\"Cia Agricoltori Italiani Toscana\" \/>\n<meta property=\"article:publisher\" content=\"https:\/\/www.facebook.com\/ciatoscana\" \/>\n<meta property=\"article:published_time\" content=\"2026-09-02T10:33:56+00:00\" \/>\n<meta property=\"og:image\" content=\"https:\/\/www.ciatoscana.eu\/home\/wp-content\/uploads\/2020\/12\/ciatoscana_macello-mattatoio-carne-bovina.webp\" \/>\n\t<meta property=\"og:image:width\" content=\"1920\" \/>\n\t<meta property=\"og:image:height\" content=\"1280\" \/>\n\t<meta property=\"og:image:type\" content=\"image\/webp\" \/>\n<meta name=\"author\" content=\"Cia Toscana\" \/>\n<meta name=\"twitter:card\" content=\"summary_large_image\" \/>\n<meta name=\"twitter:creator\" content=\"@ciatoscana\" \/>\n<meta name=\"twitter:site\" content=\"@ciatoscana\" \/>\n<script type=\"application\/ld+json\" class=\"yoast-schema-graph\">{\"@context\":\"https:\\\/\\\/schema.org\",\"@graph\":[{\"@type\":\"Article\",\"@id\":\"https:\\\/\\\/www.ciatoscana.eu\\\/home\\\/ue-cia-stop-allimport-di-carne-dal-brasile-ora-reciprocita-in-tutti-gli-accordi-commerciali\\\/#article\",\"isPartOf\":{\"@id\":\"https:\\\/\\\/www.ciatoscana.eu\\\/home\\\/ue-cia-stop-allimport-di-carne-dal-brasile-ora-reciprocita-in-tutti-gli-accordi-commerciali\\\/\"},\"author\":{\"name\":\"Cia Toscana\",\"@id\":\"https:\\\/\\\/www.ciatoscana.eu\\\/home\\\/#\\\/schema\\\/person\\\/95159304f42a162c6dfa31af9abac368\"},\"headline\":\"Ue. Cia: stop all\u2019import di carne dal Brasile. Ora reciprocit\u00e0 in tutti gli accordi commerciali\",\"datePublished\":\"2026-09-02T10:33:56+00:00\",\"mainEntityOfPage\":{\"@id\":\"https:\\\/\\\/www.ciatoscana.eu\\\/home\\\/ue-cia-stop-allimport-di-carne-dal-brasile-ora-reciprocita-in-tutti-gli-accordi-commerciali\\\/\"},\"wordCount\":310,\"image\":{\"@id\":\"https:\\\/\\\/www.ciatoscana.eu\\\/home\\\/ue-cia-stop-allimport-di-carne-dal-brasile-ora-reciprocita-in-tutti-gli-accordi-commerciali\\\/#primaryimage\"},\"thumbnailUrl\":\"https:\\\/\\\/www.ciatoscana.eu\\\/home\\\/wp-content\\\/uploads\\\/2020\\\/12\\\/ciatoscana_macello-mattatoio-carne-bovina.webp\",\"articleSection\":[\"Cia nazionale\"],\"inLanguage\":\"it-IT\"},{\"@type\":\"WebPage\",\"@id\":\"https:\\\/\\\/www.ciatoscana.eu\\\/home\\\/ue-cia-stop-allimport-di-carne-dal-brasile-ora-reciprocita-in-tutti-gli-accordi-commerciali\\\/\",\"url\":\"https:\\\/\\\/www.ciatoscana.eu\\\/home\\\/ue-cia-stop-allimport-di-carne-dal-brasile-ora-reciprocita-in-tutti-gli-accordi-commerciali\\\/\",\"name\":\"Ue. Cia: stop import di carne dal Brasile. Reciprocit\u00e0 in accordi commerciali\",\"isPartOf\":{\"@id\":\"https:\\\/\\\/www.ciatoscana.eu\\\/home\\\/#website\"},\"primaryImageOfPage\":{\"@id\":\"https:\\\/\\\/www.ciatoscana.eu\\\/home\\\/ue-cia-stop-allimport-di-carne-dal-brasile-ora-reciprocita-in-tutti-gli-accordi-commerciali\\\/#primaryimage\"},\"image\":{\"@id\":\"https:\\\/\\\/www.ciatoscana.eu\\\/home\\\/ue-cia-stop-allimport-di-carne-dal-brasile-ora-reciprocita-in-tutti-gli-accordi-commerciali\\\/#primaryimage\"},\"thumbnailUrl\":\"https:\\\/\\\/www.ciatoscana.eu\\\/home\\\/wp-content\\\/uploads\\\/2020\\\/12\\\/ciatoscana_macello-mattatoio-carne-bovina.webp\",\"datePublished\":\"2026-09-02T10:33:56+00:00\",\"author\":{\"@id\":\"https:\\\/\\\/www.ciatoscana.eu\\\/home\\\/#\\\/schema\\\/person\\\/95159304f42a162c6dfa31af9abac368\"},\"description\":\"Il presidente Fini: \u00abDecisione importante che pu\u00f2 fare da apripista. Servono stesse regole per tutti su standard di produzione, sicurezza alimentare e ambientale, lavoro\u00bb\",\"breadcrumb\":{\"@id\":\"https:\\\/\\\/www.ciatoscana.eu\\\/home\\\/ue-cia-stop-allimport-di-carne-dal-brasile-ora-reciprocita-in-tutti-gli-accordi-commerciali\\\/#breadcrumb\"},\"inLanguage\":\"it-IT\",\"potentialAction\":[{\"@type\":\"ReadAction\",\"target\":[\"https:\\\/\\\/www.ciatoscana.eu\\\/home\\\/ue-cia-stop-allimport-di-carne-dal-brasile-ora-reciprocita-in-tutti-gli-accordi-commerciali\\\/\"]}]},{\"@type\":\"ImageObject\",\"inLanguage\":\"it-IT\",\"@id\":\"https:\\\/\\\/www.ciatoscana.eu\\\/home\\\/ue-cia-stop-allimport-di-carne-dal-brasile-ora-reciprocita-in-tutti-gli-accordi-commerciali\\\/#primaryimage\",\"url\":\"https:\\\/\\\/www.ciatoscana.eu\\\/home\\\/wp-content\\\/uploads\\\/2020\\\/12\\\/ciatoscana_macello-mattatoio-carne-bovina.webp\",\"contentUrl\":\"https:\\\/\\\/www.ciatoscana.eu\\\/home\\\/wp-content\\\/uploads\\\/2020\\\/12\\\/ciatoscana_macello-mattatoio-carne-bovina.webp\",\"width\":1920,\"height\":1280},{\"@type\":\"BreadcrumbList\",\"@id\":\"https:\\\/\\\/www.ciatoscana.eu\\\/home\\\/ue-cia-stop-allimport-di-carne-dal-brasile-ora-reciprocita-in-tutti-gli-accordi-commerciali\\\/#breadcrumb\",\"itemListElement\":[{\"@type\":\"ListItem\",\"position\":1,\"name\":\"Home\",\"item\":\"https:\\\/\\\/www.ciatoscana.eu\\\/home\\\/\"},{\"@type\":\"ListItem\",\"position\":2,\"name\":\"Ue. Cia: stop all\u2019import di carne dal Brasile. Ora reciprocit\u00e0 in tutti gli accordi commerciali\"}]},{\"@type\":\"WebSite\",\"@id\":\"https:\\\/\\\/www.ciatoscana.eu\\\/home\\\/#website\",\"url\":\"https:\\\/\\\/www.ciatoscana.eu\\\/home\\\/\",\"name\":\"Cia Agricoltori Italiani Toscana\",\"description\":\"Agricoltori italiani, agricoltura toscana\",\"potentialAction\":[{\"@type\":\"SearchAction\",\"target\":{\"@type\":\"EntryPoint\",\"urlTemplate\":\"https:\\\/\\\/www.ciatoscana.eu\\\/home\\\/?s={search_term_string}\"},\"query-input\":{\"@type\":\"PropertyValueSpecification\",\"valueRequired\":true,\"valueName\":\"search_term_string\"}}],\"inLanguage\":\"it-IT\"},{\"@type\":\"Person\",\"@id\":\"https:\\\/\\\/www.ciatoscana.eu\\\/home\\\/#\\\/schema\\\/person\\\/95159304f42a162c6dfa31af9abac368\",\"name\":\"Cia Toscana\"}]}<\/script>\n<!-- \/ Yoast SEO plugin. -->","yoast_head_json":{"title":"Ue. Cia: stop import di carne dal Brasile. Reciprocit\u00e0 in accordi commerciali","description":"Il presidente Fini: \u00abDecisione importante che pu\u00f2 fare da apripista. Servono stesse regole per tutti su standard di produzione, sicurezza alimentare e ambientale, lavoro\u00bb","robots":{"index":"index","follow":"follow","max-snippet":"max-snippet:-1","max-image-preview":"max-image-preview:large","max-video-preview":"max-video-preview:-1"},"canonical":"https:\/\/www.ciatoscana.eu\/home\/ue-cia-stop-allimport-di-carne-dal-brasile-ora-reciprocita-in-tutti-gli-accordi-commerciali\/","og_locale":"it_IT","og_type":"article","og_title":"Ue. Cia: stop import di carne dal Brasile. Reciprocit\u00e0 in accordi commerciali","og_description":"Il presidente Fini: \u00abDecisione importante che pu\u00f2 fare da apripista. Servono stesse regole per tutti su standard di produzione, sicurezza alimentare e ambientale, lavoro\u00bb","og_url":"https:\/\/www.ciatoscana.eu\/home\/ue-cia-stop-allimport-di-carne-dal-brasile-ora-reciprocita-in-tutti-gli-accordi-commerciali\/","og_site_name":"Cia Agricoltori Italiani Toscana","article_publisher":"https:\/\/www.facebook.com\/ciatoscana","article_published_time":"2026-09-02T10:33:56+00:00","og_image":[{"width":1920,"height":1280,"url":"https:\/\/www.ciatoscana.eu\/home\/wp-content\/uploads\/2020\/12\/ciatoscana_macello-mattatoio-carne-bovina.webp","type":"image\/webp"}],"author":"Cia Toscana","twitter_card":"summary_large_image","twitter_creator":"@ciatoscana","twitter_site":"@ciatoscana","schema":{"@context":"https:\/\/schema.org","@graph":[{"@type":"Article","@id":"https:\/\/www.ciatoscana.eu\/home\/ue-cia-stop-allimport-di-carne-dal-brasile-ora-reciprocita-in-tutti-gli-accordi-commerciali\/#article","isPartOf":{"@id":"https:\/\/www.ciatoscana.eu\/home\/ue-cia-stop-allimport-di-carne-dal-brasile-ora-reciprocita-in-tutti-gli-accordi-commerciali\/"},"author":{"name":"Cia Toscana","@id":"https:\/\/www.ciatoscana.eu\/home\/#\/schema\/person\/95159304f42a162c6dfa31af9abac368"},"headline":"Ue. Cia: stop all\u2019import di carne dal Brasile. Ora reciprocit\u00e0 in tutti gli accordi commerciali","datePublished":"2026-09-02T10:33:56+00:00","mainEntityOfPage":{"@id":"https:\/\/www.ciatoscana.eu\/home\/ue-cia-stop-allimport-di-carne-dal-brasile-ora-reciprocita-in-tutti-gli-accordi-commerciali\/"},"wordCount":310,"image":{"@id":"https:\/\/www.ciatoscana.eu\/home\/ue-cia-stop-allimport-di-carne-dal-brasile-ora-reciprocita-in-tutti-gli-accordi-commerciali\/#primaryimage"},"thumbnailUrl":"https:\/\/www.ciatoscana.eu\/home\/wp-content\/uploads\/2020\/12\/ciatoscana_macello-mattatoio-carne-bovina.webp","articleSection":["Cia nazionale"],"inLanguage":"it-IT"},{"@type":"WebPage","@id":"https:\/\/www.ciatoscana.eu\/home\/ue-cia-stop-allimport-di-carne-dal-brasile-ora-reciprocita-in-tutti-gli-accordi-commerciali\/","url":"https:\/\/www.ciatoscana.eu\/home\/ue-cia-stop-allimport-di-carne-dal-brasile-ora-reciprocita-in-tutti-gli-accordi-commerciali\/","name":"Ue. Cia: stop import di carne dal Brasile. Reciprocit\u00e0 in accordi commerciali","isPartOf":{"@id":"https:\/\/www.ciatoscana.eu\/home\/#website"},"primaryImageOfPage":{"@id":"https:\/\/www.ciatoscana.eu\/home\/ue-cia-stop-allimport-di-carne-dal-brasile-ora-reciprocita-in-tutti-gli-accordi-commerciali\/#primaryimage"},"image":{"@id":"https:\/\/www.ciatoscana.eu\/home\/ue-cia-stop-allimport-di-carne-dal-brasile-ora-reciprocita-in-tutti-gli-accordi-commerciali\/#primaryimage"},"thumbnailUrl":"https:\/\/www.ciatoscana.eu\/home\/wp-content\/uploads\/2020\/12\/ciatoscana_macello-mattatoio-carne-bovina.webp","datePublished":"2026-09-02T10:33:56+00:00","author":{"@id":"https:\/\/www.ciatoscana.eu\/home\/#\/schema\/person\/95159304f42a162c6dfa31af9abac368"},"description":"Il presidente Fini: \u00abDecisione importante che pu\u00f2 fare da apripista. Servono stesse regole per tutti su standard di produzione, sicurezza alimentare e ambientale, lavoro\u00bb","breadcrumb":{"@id":"https:\/\/www.ciatoscana.eu\/home\/ue-cia-stop-allimport-di-carne-dal-brasile-ora-reciprocita-in-tutti-gli-accordi-commerciali\/#breadcrumb"},"inLanguage":"it-IT","potentialAction":[{"@type":"ReadAction","target":["https:\/\/www.ciatoscana.eu\/home\/ue-cia-stop-allimport-di-carne-dal-brasile-ora-reciprocita-in-tutti-gli-accordi-commerciali\/"]}]},{"@type":"ImageObject","inLanguage":"it-IT","@id":"https:\/\/www.ciatoscana.eu\/home\/ue-cia-stop-allimport-di-carne-dal-brasile-ora-reciprocita-in-tutti-gli-accordi-commerciali\/#primaryimage","url":"https:\/\/www.ciatoscana.eu\/home\/wp-content\/uploads\/2020\/12\/ciatoscana_macello-mattatoio-carne-bovina.webp","contentUrl":"https:\/\/www.ciatoscana.eu\/home\/wp-content\/uploads\/2020\/12\/ciatoscana_macello-mattatoio-carne-bovina.webp","width":1920,"height":1280},{"@type":"BreadcrumbList","@id":"https:\/\/www.ciatoscana.eu\/home\/ue-cia-stop-allimport-di-carne-dal-brasile-ora-reciprocita-in-tutti-gli-accordi-commerciali\/#breadcrumb","itemListElement":[{"@type":"ListItem","position":1,"name":"Home","item":"https:\/\/www.ciatoscana.eu\/home\/"},{"@type":"ListItem","position":2,"name":"Ue. Cia: stop all\u2019import di carne dal Brasile. Ora reciprocit\u00e0 in tutti gli accordi commerciali"}]},{"@type":"WebSite","@id":"https:\/\/www.ciatoscana.eu\/home\/#website","url":"https:\/\/www.ciatoscana.eu\/home\/","name":"Cia Agricoltori Italiani Toscana","description":"Agricoltori italiani, agricoltura toscana","potentialAction":[{"@type":"SearchAction","target":{"@type":"EntryPoint","urlTemplate":"https:\/\/www.ciatoscana.eu\/home\/?s={search_term_string}"},"query-input":{"@type":"PropertyValueSpecification","valueRequired":true,"valueName":"search_term_string"}}],"inLanguage":"it-IT"},{"@type":"Person","@id":"https:\/\/www.ciatoscana.eu\/home\/#\/schema\/person\/95159304f42a162c6dfa31af9abac368","name":"Cia Toscana"}]}},"_links":{"self":[{"href":"https:\/\/www.ciatoscana.eu\/home\/wp-json\/wp\/v2\/posts\/42932","targetHints":{"allow":["GET"]}}],"collection":[{"href":"https:\/\/www.ciatoscana.eu\/home\/wp-json\/wp\/v2\/posts"}],"about":[{"href":"https:\/\/www.ciatoscana.eu\/home\/wp-json\/wp\/v2\/types\/post"}],"author":[{"embeddable":true,"href":"https:\/\/www.ciatoscana.eu\/home\/wp-json\/wp\/v2\/users\/11"}],"replies":[{"embeddable":true,"href":"https:\/\/www.ciatoscana.eu\/home\/wp-json\/wp\/v2\/comments?post=42932"}],"version-history":[{"count":1,"href":"https:\/\/www.ciatoscana.eu\/home\/wp-json\/wp\/v2\/posts\/42932\/revisions"}],"predecessor-version":[{"id":42933,"href":"https:\/\/www.ciatoscana.eu\/home\/wp-json\/wp\/v2\/posts\/42932\/revisions\/42933"}],"wp:featuredmedia":[{"embeddable":true,"href":"https:\/\/www.ciatoscana.eu\/home\/wp-json\/wp\/v2\/media\/22802"}],"wp:attachment":[{"href":"https:\/\/www.ciatoscana.eu\/home\/wp-json\/wp\/v2\/media?parent=42932"}],"wp:term":[{"taxonomy":"category","embeddable":true,"href":"https:\/\/www.ciatoscana.eu\/home\/wp-json\/wp\/v2\/categories?post=42932"},{"taxonomy":"post_tag","embeddable":true,"href":"https:\/\/www.ciatoscana.eu\/home\/wp-json\/wp\/v2\/tags?post=42932"}],"curies":[{"name":"wp","href":"https:\/\/api.w.org\/{rel}","templated":true}]}}