{"id":42934,"date":"2026-09-02T12:36:09","date_gmt":"2026-09-02T10:36:09","guid":{"rendered":"https:\/\/www.ciatoscana.eu\/home\/?p=42934"},"modified":"2026-09-02T12:40:24","modified_gmt":"2026-09-02T10:40:24","slug":"montagna-toscana-riordino-comuni-montani-e-politiche-regionali","status":"publish","type":"post","link":"https:\/\/www.ciatoscana.eu\/home\/montagna-toscana-riordino-comuni-montani-e-politiche-regionali\/","title":{"rendered":"Montagna toscana. Riordino Comuni Montani e politiche regionali"},"content":{"rendered":"<h3><strong>La commissione Affari istituzionali e Bilancio, guidata da Vittorio Salotti (CR), ha avviato l\u2019esame della proposta di legge. Il provvedimento modifica la normativa regionale del 2011 per recepire i nuovi parametri statali e salvaguardare le specificit\u00e0 territoriali<\/strong><\/h3>\n<p>La commissione Afari istituzionali e Bilancio del Consiglio regionale, guidata da\u00a0Vittorio Salotti\u00a0(Casa Riformista), ha avviato l&#8217;esame della proposta di legge per l\u2019adeguamento alla nuova normativa statale in materia di classificazione dei territori montani, a seguito del recente DPCM che ha ridefinito i criteri a livello nazionale.<\/p>\n<p>Il provvedimento, come \u00e8 stato spiegato nel corso della seduta di oggi, mercoled\u00ec 2 settembre, \u00e8 necessario per recepire i parametri statali e allineare la legislazione sulle autonomie locali, garantendo al contempo la continuit\u00e0 dei finanziamenti legati all&#8217;associazionismo e ai fondi per la montagna.<\/p>\n<p>Durante il dibattito \u00e8 emerso come il nuovo quadro nazionale, pur incrementando le risorse complessive a disposizione, abbia modificato profondamente la mappatura dei territori, eliminando la categoria dei Comuni \u201cparzialmente montani\u201d e riducendo il numero di quelli classificati a livello statale in Toscana.<\/p>\n<p>Per evitare ripercussioni negative sui territori storicamente beneficiari di interventi e politiche regionali, la proposta di legge introduce un duplice livello di riferimento:<\/p>\n<ul>\n<li>un primo allegato\u00a0che recepisce rigorosamente la classificazione Statale, presupposto fondamentale per l&#8217;accesso ai fondi nazionali dedicati.<\/li>\n<li>un secondo allegato (Allegato B), mantenuto per le sole finalit\u00e0 delle politiche regionali, volto a salvaguardare i territori precedentemente classificati come montani o parzialmente montani e a preservare la coerenza delle strategie di sviluppo della Toscana diffusa.<\/li>\n<\/ul>\n<p>L&#8217;iter proseguir\u00e0 nei prossimi giorni con l\u2019obiettivo di arrivare all\u2019approvazione in tempi utili per il rispetto delle scadenze di bilancio e per la corretta erogazione dei contributi alle Unioni di Comuni.<\/p>\n<hr \/>\n<p><em>Fonte:<\/em>\u00a0<strong><a href=\"https:\/\/inconsiglio.it\/\" target=\"_blank\" rel=\"noopener\">Consiglio regionale della Toscana<\/a><\/strong><\/p>\n","protected":false},"excerpt":{"rendered":"<p>La commissione Affari istituzionali e Bilancio, guidata da Vittorio Salotti (CR), ha avviato l\u2019esame della proposta di legge. Il provvedimento modifica la normativa regionale del  [&#8230;]<\/p>\n","protected":false},"author":11,"featured_media":10501,"comment_status":"closed","ping_status":"closed","sticky":false,"template":"","format":"standard","meta":{"_acf_changed":false,"footnotes":""},"categories":[59],"tags":[],"class_list":["post-42934","post","type-post","status-publish","format-standard","has-post-thumbnail","hentry","category-dal-consiglio-regionale"],"acf":[],"yoast_head":"<!-- This site is optimized with the Yoast SEO plugin v28.4 - https:\/\/yoast.com\/product\/yoast-seo-wordpress\/ -->\n<title>Montagna toscana. Riordino Comuni Montani e politiche regionali<\/title>\n<meta name=\"description\" content=\"La commissione Afari istituzionali e Bilancio del Consiglio regionale, guidata da\u00a0Vittorio Salotti\u00a0(Casa Riformista), ha avviato l&#039;esame della proposta di legge per l\u2019adeguamento alla nuova normativa statale in materia di classificazione dei territori montani, a seguito del recente DPCM che ha ridefinito i criteri a livello nazionale.\" \/>\n<meta name=\"robots\" content=\"index, follow, max-snippet:-1, max-image-preview:large, max-video-preview:-1\" \/>\n<link rel=\"canonical\" href=\"https:\/\/www.ciatoscana.eu\/home\/montagna-toscana-riordino-comuni-montani-e-politiche-regionali\/\" \/>\n<meta property=\"og:locale\" content=\"it_IT\" \/>\n<meta property=\"og:type\" content=\"article\" \/>\n<meta property=\"og:title\" content=\"Montagna toscana. Riordino Comuni Montani e politiche regionali\" \/>\n<meta property=\"og:description\" content=\"La commissione Afari istituzionali e Bilancio del Consiglio regionale, guidata da\u00a0Vittorio Salotti\u00a0(Casa Riformista), ha avviato l&#039;esame della proposta di legge per l\u2019adeguamento alla nuova normativa statale in materia di classificazione dei territori montani, a seguito del recente DPCM che ha ridefinito i criteri a livello nazionale.\" \/>\n<meta property=\"og:url\" content=\"https:\/\/www.ciatoscana.eu\/home\/montagna-toscana-riordino-comuni-montani-e-politiche-regionali\/\" \/>\n<meta property=\"og:site_name\" content=\"Cia Agricoltori Italiani Toscana\" \/>\n<meta property=\"article:publisher\" content=\"https:\/\/www.facebook.com\/ciatoscana\" \/>\n<meta property=\"article:published_time\" content=\"2026-09-02T10:36:09+00:00\" \/>\n<meta property=\"article:modified_time\" content=\"2026-09-02T10:40:24+00:00\" \/>\n<meta property=\"og:image\" content=\"https:\/\/www.ciatoscana.eu\/home\/wp-content\/uploads\/2017\/07\/20170703_ciatoscana_montagna-garfagnana.webp\" \/>\n\t<meta property=\"og:image:width\" content=\"800\" \/>\n\t<meta property=\"og:image:height\" content=\"600\" \/>\n\t<meta property=\"og:image:type\" content=\"image\/webp\" \/>\n<meta name=\"author\" content=\"Cia Toscana\" \/>\n<meta name=\"twitter:card\" content=\"summary_large_image\" \/>\n<meta name=\"twitter:creator\" content=\"@ciatoscana\" \/>\n<meta name=\"twitter:site\" content=\"@ciatoscana\" \/>\n<script type=\"application\/ld+json\" class=\"yoast-schema-graph\">{\"@context\":\"https:\\\/\\\/schema.org\",\"@graph\":[{\"@type\":\"Article\",\"@id\":\"https:\\\/\\\/www.ciatoscana.eu\\\/home\\\/montagna-toscana-riordino-comuni-montani-e-politiche-regionali\\\/#article\",\"isPartOf\":{\"@id\":\"https:\\\/\\\/www.ciatoscana.eu\\\/home\\\/montagna-toscana-riordino-comuni-montani-e-politiche-regionali\\\/\"},\"author\":{\"name\":\"Cia Toscana\",\"@id\":\"https:\\\/\\\/www.ciatoscana.eu\\\/home\\\/#\\\/schema\\\/person\\\/95159304f42a162c6dfa31af9abac368\"},\"headline\":\"Montagna toscana. Riordino Comuni Montani e politiche regionali\",\"datePublished\":\"2026-09-02T10:36:09+00:00\",\"dateModified\":\"2026-09-02T10:40:24+00:00\",\"mainEntityOfPage\":{\"@id\":\"https:\\\/\\\/www.ciatoscana.eu\\\/home\\\/montagna-toscana-riordino-comuni-montani-e-politiche-regionali\\\/\"},\"wordCount\":296,\"image\":{\"@id\":\"https:\\\/\\\/www.ciatoscana.eu\\\/home\\\/montagna-toscana-riordino-comuni-montani-e-politiche-regionali\\\/#primaryimage\"},\"thumbnailUrl\":\"https:\\\/\\\/www.ciatoscana.eu\\\/home\\\/wp-content\\\/uploads\\\/2017\\\/07\\\/20170703_ciatoscana_montagna-garfagnana.webp\",\"articleSection\":[\"Dal Consiglio Regionale\"],\"inLanguage\":\"it-IT\"},{\"@type\":\"WebPage\",\"@id\":\"https:\\\/\\\/www.ciatoscana.eu\\\/home\\\/montagna-toscana-riordino-comuni-montani-e-politiche-regionali\\\/\",\"url\":\"https:\\\/\\\/www.ciatoscana.eu\\\/home\\\/montagna-toscana-riordino-comuni-montani-e-politiche-regionali\\\/\",\"name\":\"Montagna toscana. Riordino Comuni Montani e politiche regionali\",\"isPartOf\":{\"@id\":\"https:\\\/\\\/www.ciatoscana.eu\\\/home\\\/#website\"},\"primaryImageOfPage\":{\"@id\":\"https:\\\/\\\/www.ciatoscana.eu\\\/home\\\/montagna-toscana-riordino-comuni-montani-e-politiche-regionali\\\/#primaryimage\"},\"image\":{\"@id\":\"https:\\\/\\\/www.ciatoscana.eu\\\/home\\\/montagna-toscana-riordino-comuni-montani-e-politiche-regionali\\\/#primaryimage\"},\"thumbnailUrl\":\"https:\\\/\\\/www.ciatoscana.eu\\\/home\\\/wp-content\\\/uploads\\\/2017\\\/07\\\/20170703_ciatoscana_montagna-garfagnana.webp\",\"datePublished\":\"2026-09-02T10:36:09+00:00\",\"dateModified\":\"2026-09-02T10:40:24+00:00\",\"author\":{\"@id\":\"https:\\\/\\\/www.ciatoscana.eu\\\/home\\\/#\\\/schema\\\/person\\\/95159304f42a162c6dfa31af9abac368\"},\"description\":\"La commissione Afari istituzionali e Bilancio del Consiglio regionale, guidata da\u00a0Vittorio Salotti\u00a0(Casa Riformista), ha avviato l'esame della proposta di legge per l\u2019adeguamento alla nuova normativa statale in materia di classificazione dei territori montani, a seguito del recente DPCM che ha ridefinito i criteri a livello nazionale.\",\"breadcrumb\":{\"@id\":\"https:\\\/\\\/www.ciatoscana.eu\\\/home\\\/montagna-toscana-riordino-comuni-montani-e-politiche-regionali\\\/#breadcrumb\"},\"inLanguage\":\"it-IT\",\"potentialAction\":[{\"@type\":\"ReadAction\",\"target\":[\"https:\\\/\\\/www.ciatoscana.eu\\\/home\\\/montagna-toscana-riordino-comuni-montani-e-politiche-regionali\\\/\"]}]},{\"@type\":\"ImageObject\",\"inLanguage\":\"it-IT\",\"@id\":\"https:\\\/\\\/www.ciatoscana.eu\\\/home\\\/montagna-toscana-riordino-comuni-montani-e-politiche-regionali\\\/#primaryimage\",\"url\":\"https:\\\/\\\/www.ciatoscana.eu\\\/home\\\/wp-content\\\/uploads\\\/2017\\\/07\\\/20170703_ciatoscana_montagna-garfagnana.webp\",\"contentUrl\":\"https:\\\/\\\/www.ciatoscana.eu\\\/home\\\/wp-content\\\/uploads\\\/2017\\\/07\\\/20170703_ciatoscana_montagna-garfagnana.webp\",\"width\":800,\"height\":600},{\"@type\":\"BreadcrumbList\",\"@id\":\"https:\\\/\\\/www.ciatoscana.eu\\\/home\\\/montagna-toscana-riordino-comuni-montani-e-politiche-regionali\\\/#breadcrumb\",\"itemListElement\":[{\"@type\":\"ListItem\",\"position\":1,\"name\":\"Home\",\"item\":\"https:\\\/\\\/www.ciatoscana.eu\\\/home\\\/\"},{\"@type\":\"ListItem\",\"position\":2,\"name\":\"Montagna toscana. Riordino Comuni Montani e politiche regionali\"}]},{\"@type\":\"WebSite\",\"@id\":\"https:\\\/\\\/www.ciatoscana.eu\\\/home\\\/#website\",\"url\":\"https:\\\/\\\/www.ciatoscana.eu\\\/home\\\/\",\"name\":\"Cia Agricoltori Italiani Toscana\",\"description\":\"Agricoltori italiani, agricoltura toscana\",\"potentialAction\":[{\"@type\":\"SearchAction\",\"target\":{\"@type\":\"EntryPoint\",\"urlTemplate\":\"https:\\\/\\\/www.ciatoscana.eu\\\/home\\\/?s={search_term_string}\"},\"query-input\":{\"@type\":\"PropertyValueSpecification\",\"valueRequired\":true,\"valueName\":\"search_term_string\"}}],\"inLanguage\":\"it-IT\"},{\"@type\":\"Person\",\"@id\":\"https:\\\/\\\/www.ciatoscana.eu\\\/home\\\/#\\\/schema\\\/person\\\/95159304f42a162c6dfa31af9abac368\",\"name\":\"Cia Toscana\"}]}<\/script>\n<!-- \/ Yoast SEO plugin. -->","yoast_head_json":{"title":"Montagna toscana. Riordino Comuni Montani e politiche regionali","description":"La commissione Afari istituzionali e Bilancio del Consiglio regionale, guidata da\u00a0Vittorio Salotti\u00a0(Casa Riformista), ha avviato l'esame della proposta di legge per l\u2019adeguamento alla nuova normativa statale in materia di classificazione dei territori montani, a seguito del recente DPCM che ha ridefinito i criteri a livello nazionale.","robots":{"index":"index","follow":"follow","max-snippet":"max-snippet:-1","max-image-preview":"max-image-preview:large","max-video-preview":"max-video-preview:-1"},"canonical":"https:\/\/www.ciatoscana.eu\/home\/montagna-toscana-riordino-comuni-montani-e-politiche-regionali\/","og_locale":"it_IT","og_type":"article","og_title":"Montagna toscana. Riordino Comuni Montani e politiche regionali","og_description":"La commissione Afari istituzionali e Bilancio del Consiglio regionale, guidata da\u00a0Vittorio Salotti\u00a0(Casa Riformista), ha avviato l'esame della proposta di legge per l\u2019adeguamento alla nuova normativa statale in materia di classificazione dei territori montani, a seguito del recente DPCM che ha ridefinito i criteri a livello nazionale.","og_url":"https:\/\/www.ciatoscana.eu\/home\/montagna-toscana-riordino-comuni-montani-e-politiche-regionali\/","og_site_name":"Cia Agricoltori Italiani Toscana","article_publisher":"https:\/\/www.facebook.com\/ciatoscana","article_published_time":"2026-09-02T10:36:09+00:00","article_modified_time":"2026-09-02T10:40:24+00:00","og_image":[{"width":800,"height":600,"url":"https:\/\/www.ciatoscana.eu\/home\/wp-content\/uploads\/2017\/07\/20170703_ciatoscana_montagna-garfagnana.webp","type":"image\/webp"}],"author":"Cia Toscana","twitter_card":"summary_large_image","twitter_creator":"@ciatoscana","twitter_site":"@ciatoscana","schema":{"@context":"https:\/\/schema.org","@graph":[{"@type":"Article","@id":"https:\/\/www.ciatoscana.eu\/home\/montagna-toscana-riordino-comuni-montani-e-politiche-regionali\/#article","isPartOf":{"@id":"https:\/\/www.ciatoscana.eu\/home\/montagna-toscana-riordino-comuni-montani-e-politiche-regionali\/"},"author":{"name":"Cia Toscana","@id":"https:\/\/www.ciatoscana.eu\/home\/#\/schema\/person\/95159304f42a162c6dfa31af9abac368"},"headline":"Montagna toscana. Riordino Comuni Montani e politiche regionali","datePublished":"2026-09-02T10:36:09+00:00","dateModified":"2026-09-02T10:40:24+00:00","mainEntityOfPage":{"@id":"https:\/\/www.ciatoscana.eu\/home\/montagna-toscana-riordino-comuni-montani-e-politiche-regionali\/"},"wordCount":296,"image":{"@id":"https:\/\/www.ciatoscana.eu\/home\/montagna-toscana-riordino-comuni-montani-e-politiche-regionali\/#primaryimage"},"thumbnailUrl":"https:\/\/www.ciatoscana.eu\/home\/wp-content\/uploads\/2017\/07\/20170703_ciatoscana_montagna-garfagnana.webp","articleSection":["Dal Consiglio Regionale"],"inLanguage":"it-IT"},{"@type":"WebPage","@id":"https:\/\/www.ciatoscana.eu\/home\/montagna-toscana-riordino-comuni-montani-e-politiche-regionali\/","url":"https:\/\/www.ciatoscana.eu\/home\/montagna-toscana-riordino-comuni-montani-e-politiche-regionali\/","name":"Montagna toscana. Riordino Comuni Montani e politiche regionali","isPartOf":{"@id":"https:\/\/www.ciatoscana.eu\/home\/#website"},"primaryImageOfPage":{"@id":"https:\/\/www.ciatoscana.eu\/home\/montagna-toscana-riordino-comuni-montani-e-politiche-regionali\/#primaryimage"},"image":{"@id":"https:\/\/www.ciatoscana.eu\/home\/montagna-toscana-riordino-comuni-montani-e-politiche-regionali\/#primaryimage"},"thumbnailUrl":"https:\/\/www.ciatoscana.eu\/home\/wp-content\/uploads\/2017\/07\/20170703_ciatoscana_montagna-garfagnana.webp","datePublished":"2026-09-02T10:36:09+00:00","dateModified":"2026-09-02T10:40:24+00:00","author":{"@id":"https:\/\/www.ciatoscana.eu\/home\/#\/schema\/person\/95159304f42a162c6dfa31af9abac368"},"description":"La commissione Afari istituzionali e Bilancio del Consiglio regionale, guidata da\u00a0Vittorio Salotti\u00a0(Casa Riformista), ha avviato l'esame della proposta di legge per l\u2019adeguamento alla nuova normativa statale in materia di classificazione dei territori montani, a seguito del recente DPCM che ha ridefinito i criteri a livello nazionale.","breadcrumb":{"@id":"https:\/\/www.ciatoscana.eu\/home\/montagna-toscana-riordino-comuni-montani-e-politiche-regionali\/#breadcrumb"},"inLanguage":"it-IT","potentialAction":[{"@type":"ReadAction","target":["https:\/\/www.ciatoscana.eu\/home\/montagna-toscana-riordino-comuni-montani-e-politiche-regionali\/"]}]},{"@type":"ImageObject","inLanguage":"it-IT","@id":"https:\/\/www.ciatoscana.eu\/home\/montagna-toscana-riordino-comuni-montani-e-politiche-regionali\/#primaryimage","url":"https:\/\/www.ciatoscana.eu\/home\/wp-content\/uploads\/2017\/07\/20170703_ciatoscana_montagna-garfagnana.webp","contentUrl":"https:\/\/www.ciatoscana.eu\/home\/wp-content\/uploads\/2017\/07\/20170703_ciatoscana_montagna-garfagnana.webp","width":800,"height":600},{"@type":"BreadcrumbList","@id":"https:\/\/www.ciatoscana.eu\/home\/montagna-toscana-riordino-comuni-montani-e-politiche-regionali\/#breadcrumb","itemListElement":[{"@type":"ListItem","position":1,"name":"Home","item":"https:\/\/www.ciatoscana.eu\/home\/"},{"@type":"ListItem","position":2,"name":"Montagna toscana. Riordino Comuni Montani e politiche regionali"}]},{"@type":"WebSite","@id":"https:\/\/www.ciatoscana.eu\/home\/#website","url":"https:\/\/www.ciatoscana.eu\/home\/","name":"Cia Agricoltori Italiani Toscana","description":"Agricoltori italiani, agricoltura toscana","potentialAction":[{"@type":"SearchAction","target":{"@type":"EntryPoint","urlTemplate":"https:\/\/www.ciatoscana.eu\/home\/?s={search_term_string}"},"query-input":{"@type":"PropertyValueSpecification","valueRequired":true,"valueName":"search_term_string"}}],"inLanguage":"it-IT"},{"@type":"Person","@id":"https:\/\/www.ciatoscana.eu\/home\/#\/schema\/person\/95159304f42a162c6dfa31af9abac368","name":"Cia Toscana"}]}},"_links":{"self":[{"href":"https:\/\/www.ciatoscana.eu\/home\/wp-json\/wp\/v2\/posts\/42934","targetHints":{"allow":["GET"]}}],"collection":[{"href":"https:\/\/www.ciatoscana.eu\/home\/wp-json\/wp\/v2\/posts"}],"about":[{"href":"https:\/\/www.ciatoscana.eu\/home\/wp-json\/wp\/v2\/types\/post"}],"author":[{"embeddable":true,"href":"https:\/\/www.ciatoscana.eu\/home\/wp-json\/wp\/v2\/users\/11"}],"replies":[{"embeddable":true,"href":"https:\/\/www.ciatoscana.eu\/home\/wp-json\/wp\/v2\/comments?post=42934"}],"version-history":[{"count":3,"href":"https:\/\/www.ciatoscana.eu\/home\/wp-json\/wp\/v2\/posts\/42934\/revisions"}],"predecessor-version":[{"id":42937,"href":"https:\/\/www.ciatoscana.eu\/home\/wp-json\/wp\/v2\/posts\/42934\/revisions\/42937"}],"wp:featuredmedia":[{"embeddable":true,"href":"https:\/\/www.ciatoscana.eu\/home\/wp-json\/wp\/v2\/media\/10501"}],"wp:attachment":[{"href":"https:\/\/www.ciatoscana.eu\/home\/wp-json\/wp\/v2\/media?parent=42934"}],"wp:term":[{"taxonomy":"category","embeddable":true,"href":"https:\/\/www.ciatoscana.eu\/home\/wp-json\/wp\/v2\/categories?post=42934"},{"taxonomy":"post_tag","embeddable":true,"href":"https:\/\/www.ciatoscana.eu\/home\/wp-json\/wp\/v2\/tags?post=42934"}],"curies":[{"name":"wp","href":"https:\/\/api.w.org\/{rel}","templated":true}]}}